{"id":1538,"date":"2024-08-14T18:08:06","date_gmt":"2024-08-14T18:08:06","guid":{"rendered":"https:\/\/origamee.app\/acesso-aos-horarios-nos-locais-de-trabalho\/"},"modified":"2025-03-24T20:06:47","modified_gmt":"2025-03-24T20:06:47","slug":"acesso-aos-horarios-nos-locais-de-trabalho","status":"publish","type":"post","link":"https:\/\/origamee.app\/pt-pt\/acesso-aos-horarios-nos-locais-de-trabalho\/","title":{"rendered":"Acesso aos hor\u00e1rios nos locais de trabalho"},"content":{"rendered":"&#13;\n<p>Desde a publica\u00e7\u00e3o do <em>Real Decreto-Lei 8\/2019<\/em>, de 8 de mar\u00e7o, sobre medidas urgentes de prote\u00e7\u00e3o social e combate \u00e0 precariedade na jornada de trabalho, a Dire\u00e7\u00e3o-Geral do Emprego recebeu v\u00e1rias consultas sobre o registo da jornada de trabalho.<br\/>Este documento foi, portanto, elaborado para facilitar a aplica\u00e7\u00e3o pr\u00e1tica do regulamento, no qual s\u00e3o inclu\u00eddos crit\u00e9rios, apenas para fins informativos, em rela\u00e7\u00e3o a esse dever formal de neg\u00f3cios, sem preju\u00edzo da interpreta\u00e7\u00e3o do regulamento que corresponde aos Tribunais e Tribunais da ordem social.<\/p>&#13;\n<p>\u00a0<\/p>&#13;\n","protected":false},"excerpt":{"rendered":"<p>&#13; Desde a publica\u00e7\u00e3o do Real Decreto-Lei 8\/2019, de 8 de mar\u00e7o, sobre medidas urgentes de prote\u00e7\u00e3o social e combate \u00e0 precariedade na jornada de trabalho, a Dire\u00e7\u00e3o-Geral do Emprego&#8230;<\/p>\n","protected":false},"author":3,"featured_media":0,"comment_status":"closed","ping_status":"closed","sticky":false,"template":"","format":"standard","meta":{"footnotes":""},"categories":[23],"tags":[],"class_list":{"0":"post-1538","1":"post","2":"type-post","3":"status-publish","4":"format-standard","6":"category-sem-categoria"},"yoast_head":"<!-- This site is optimized with the Yoast SEO plugin v27.0 - https:\/\/yoast.com\/product\/yoast-seo-wordpress\/ -->\n<title>Acesso aos hor\u00e1rios nos locais de trabalho - Origamee<\/title>\n<meta name=\"robots\" content=\"index, follow, max-snippet:-1, max-image-preview:large, max-video-preview:-1\" \/>\n<link rel=\"canonical\" href=\"https:\/\/origamee.app\/pt-pt\/acesso-aos-horarios-nos-locais-de-trabalho\/\" \/>\n<meta property=\"og:locale\" content=\"pt_PT\" \/>\n<meta property=\"og:type\" content=\"article\" \/>\n<meta property=\"og:title\" content=\"Acesso aos hor\u00e1rios nos locais de trabalho - Origamee\" \/>\n<meta property=\"og:description\" content=\"&#013; Desde a publica\u00e7\u00e3o do Real Decreto-Lei 8\/2019, de 8 de mar\u00e7o, sobre medidas urgentes de prote\u00e7\u00e3o social e combate \u00e0 precariedade na jornada de trabalho, a Dire\u00e7\u00e3o-Geral do Emprego...\" \/>\n<meta property=\"og:url\" content=\"https:\/\/origamee.app\/pt-pt\/acesso-aos-horarios-nos-locais-de-trabalho\/\" \/>\n<meta property=\"og:site_name\" content=\"Origamee\" \/>\n<meta property=\"article:published_time\" content=\"2024-08-14T18:08:06+00:00\" \/>\n<meta property=\"article:modified_time\" content=\"2025-03-24T20:06:47+00:00\" \/>\n<meta name=\"author\" content=\"admin\" \/>\n<meta name=\"twitter:card\" content=\"summary_large_image\" \/>\n<meta name=\"twitter:label1\" content=\"Escrito por\" \/>\n\t<meta name=\"twitter:data1\" content=\"admin\" \/>\n<script type=\"application\/ld+json\" class=\"yoast-schema-graph\">{\"@context\":\"https:\/\/schema.org\",\"@graph\":[{\"@type\":\"Article\",\"@id\":\"https:\/\/origamee.app\/pt-pt\/acesso-aos-horarios-nos-locais-de-trabalho\/#article\",\"isPartOf\":{\"@id\":\"https:\/\/origamee.app\/pt-pt\/acesso-aos-horarios-nos-locais-de-trabalho\/\"},\"author\":{\"name\":\"admin\",\"@id\":\"https:\/\/origamee.app\/pt-pt\/#\/schema\/person\/98d2b831469c98f8a406a9c423b47c4a\"},\"headline\":\"Acesso aos hor\u00e1rios nos locais de trabalho\",\"datePublished\":\"2024-08-14T18:08:06+00:00\",\"dateModified\":\"2025-03-24T20:06:47+00:00\",\"mainEntityOfPage\":{\"@id\":\"https:\/\/origamee.app\/pt-pt\/acesso-aos-horarios-nos-locais-de-trabalho\/\"},\"wordCount\":102,\"publisher\":{\"@id\":\"https:\/\/origamee.app\/pt-pt\/#organization\"},\"inLanguage\":\"pt-PT\"},{\"@type\":\"WebPage\",\"@id\":\"https:\/\/origamee.app\/pt-pt\/acesso-aos-horarios-nos-locais-de-trabalho\/\",\"url\":\"https:\/\/origamee.app\/pt-pt\/acesso-aos-horarios-nos-locais-de-trabalho\/\",\"name\":\"Acesso aos hor\u00e1rios nos locais de trabalho - Origamee\",\"isPartOf\":{\"@id\":\"https:\/\/origamee.app\/pt-pt\/#website\"},\"datePublished\":\"2024-08-14T18:08:06+00:00\",\"dateModified\":\"2025-03-24T20:06:47+00:00\",\"breadcrumb\":{\"@id\":\"https:\/\/origamee.app\/pt-pt\/acesso-aos-horarios-nos-locais-de-trabalho\/#breadcrumb\"},\"inLanguage\":\"pt-PT\",\"potentialAction\":[{\"@type\":\"ReadAction\",\"target\":[\"https:\/\/origamee.app\/pt-pt\/acesso-aos-horarios-nos-locais-de-trabalho\/\"]}]},{\"@type\":\"BreadcrumbList\",\"@id\":\"https:\/\/origamee.app\/pt-pt\/acesso-aos-horarios-nos-locais-de-trabalho\/#breadcrumb\",\"itemListElement\":[{\"@type\":\"ListItem\",\"position\":1,\"name\":\"Portada\",\"item\":\"https:\/\/origamee.app\/pt-pt\/\"},{\"@type\":\"ListItem\",\"position\":2,\"name\":\"Acesso aos hor\u00e1rios nos locais de trabalho\"}]},{\"@type\":\"WebSite\",\"@id\":\"https:\/\/origamee.app\/pt-pt\/#website\",\"url\":\"https:\/\/origamee.app\/pt-pt\/\",\"name\":\"Origamee App\",\"description\":\"Gesti\u00f3n de empresa a tu medida\",\"publisher\":{\"@id\":\"https:\/\/origamee.app\/pt-pt\/#organization\"},\"potentialAction\":[{\"@type\":\"SearchAction\",\"target\":{\"@type\":\"EntryPoint\",\"urlTemplate\":\"https:\/\/origamee.app\/pt-pt\/?s={search_term_string}\"},\"query-input\":{\"@type\":\"PropertyValueSpecification\",\"valueRequired\":true,\"valueName\":\"search_term_string\"}}],\"inLanguage\":\"pt-PT\"},{\"@type\":\"Organization\",\"@id\":\"https:\/\/origamee.app\/pt-pt\/#organization\",\"name\":\"Origamee App\",\"url\":\"https:\/\/origamee.app\/pt-pt\/\",\"logo\":{\"@type\":\"ImageObject\",\"inLanguage\":\"pt-PT\",\"@id\":\"https:\/\/origamee.app\/pt-pt\/#\/schema\/logo\/image\/\",\"url\":\"https:\/\/origamee.app\/wp-content\/uploads\/2026\/02\/cropped-origamee-favicon.png\",\"contentUrl\":\"https:\/\/origamee.app\/wp-content\/uploads\/2026\/02\/cropped-origamee-favicon.png\",\"width\":512,\"height\":512,\"caption\":\"Origamee App\"},\"image\":{\"@id\":\"https:\/\/origamee.app\/pt-pt\/#\/schema\/logo\/image\/\"},\"sameAs\":[\"https:\/\/www.linkedin.com\/company\/origamee\/about\/\"]},{\"@type\":\"Person\",\"@id\":\"https:\/\/origamee.app\/pt-pt\/#\/schema\/person\/98d2b831469c98f8a406a9c423b47c4a\",\"name\":\"admin\",\"sameAs\":[\"https:\/\/origamee.app\"],\"url\":\"https:\/\/origamee.app\/pt-pt\/author\/egimeno\/\"}]}<\/script>\n<!-- \/ Yoast SEO plugin. -->","yoast_head_json":{"title":"Acesso aos hor\u00e1rios nos locais de trabalho - Origamee","robots":{"index":"index","follow":"follow","max-snippet":"max-snippet:-1","max-image-preview":"max-image-preview:large","max-video-preview":"max-video-preview:-1"},"canonical":"https:\/\/origamee.app\/pt-pt\/acesso-aos-horarios-nos-locais-de-trabalho\/","og_locale":"pt_PT","og_type":"article","og_title":"Acesso aos hor\u00e1rios nos locais de trabalho - Origamee","og_description":"&#13; Desde a publica\u00e7\u00e3o do Real Decreto-Lei 8\/2019, de 8 de mar\u00e7o, sobre medidas urgentes de prote\u00e7\u00e3o social e combate \u00e0 precariedade na jornada de trabalho, a Dire\u00e7\u00e3o-Geral do Emprego...","og_url":"https:\/\/origamee.app\/pt-pt\/acesso-aos-horarios-nos-locais-de-trabalho\/","og_site_name":"Origamee","article_published_time":"2024-08-14T18:08:06+00:00","article_modified_time":"2025-03-24T20:06:47+00:00","author":"admin","twitter_card":"summary_large_image","twitter_misc":{"Escrito por":"admin"},"schema":{"@context":"https:\/\/schema.org","@graph":[{"@type":"Article","@id":"https:\/\/origamee.app\/pt-pt\/acesso-aos-horarios-nos-locais-de-trabalho\/#article","isPartOf":{"@id":"https:\/\/origamee.app\/pt-pt\/acesso-aos-horarios-nos-locais-de-trabalho\/"},"author":{"name":"admin","@id":"https:\/\/origamee.app\/pt-pt\/#\/schema\/person\/98d2b831469c98f8a406a9c423b47c4a"},"headline":"Acesso aos hor\u00e1rios nos locais de trabalho","datePublished":"2024-08-14T18:08:06+00:00","dateModified":"2025-03-24T20:06:47+00:00","mainEntityOfPage":{"@id":"https:\/\/origamee.app\/pt-pt\/acesso-aos-horarios-nos-locais-de-trabalho\/"},"wordCount":102,"publisher":{"@id":"https:\/\/origamee.app\/pt-pt\/#organization"},"inLanguage":"pt-PT"},{"@type":"WebPage","@id":"https:\/\/origamee.app\/pt-pt\/acesso-aos-horarios-nos-locais-de-trabalho\/","url":"https:\/\/origamee.app\/pt-pt\/acesso-aos-horarios-nos-locais-de-trabalho\/","name":"Acesso aos hor\u00e1rios nos locais de trabalho - Origamee","isPartOf":{"@id":"https:\/\/origamee.app\/pt-pt\/#website"},"datePublished":"2024-08-14T18:08:06+00:00","dateModified":"2025-03-24T20:06:47+00:00","breadcrumb":{"@id":"https:\/\/origamee.app\/pt-pt\/acesso-aos-horarios-nos-locais-de-trabalho\/#breadcrumb"},"inLanguage":"pt-PT","potentialAction":[{"@type":"ReadAction","target":["https:\/\/origamee.app\/pt-pt\/acesso-aos-horarios-nos-locais-de-trabalho\/"]}]},{"@type":"BreadcrumbList","@id":"https:\/\/origamee.app\/pt-pt\/acesso-aos-horarios-nos-locais-de-trabalho\/#breadcrumb","itemListElement":[{"@type":"ListItem","position":1,"name":"Portada","item":"https:\/\/origamee.app\/pt-pt\/"},{"@type":"ListItem","position":2,"name":"Acesso aos hor\u00e1rios nos locais de trabalho"}]},{"@type":"WebSite","@id":"https:\/\/origamee.app\/pt-pt\/#website","url":"https:\/\/origamee.app\/pt-pt\/","name":"Origamee App","description":"Gesti\u00f3n de empresa a tu medida","publisher":{"@id":"https:\/\/origamee.app\/pt-pt\/#organization"},"potentialAction":[{"@type":"SearchAction","target":{"@type":"EntryPoint","urlTemplate":"https:\/\/origamee.app\/pt-pt\/?s={search_term_string}"},"query-input":{"@type":"PropertyValueSpecification","valueRequired":true,"valueName":"search_term_string"}}],"inLanguage":"pt-PT"},{"@type":"Organization","@id":"https:\/\/origamee.app\/pt-pt\/#organization","name":"Origamee App","url":"https:\/\/origamee.app\/pt-pt\/","logo":{"@type":"ImageObject","inLanguage":"pt-PT","@id":"https:\/\/origamee.app\/pt-pt\/#\/schema\/logo\/image\/","url":"https:\/\/origamee.app\/wp-content\/uploads\/2026\/02\/cropped-origamee-favicon.png","contentUrl":"https:\/\/origamee.app\/wp-content\/uploads\/2026\/02\/cropped-origamee-favicon.png","width":512,"height":512,"caption":"Origamee App"},"image":{"@id":"https:\/\/origamee.app\/pt-pt\/#\/schema\/logo\/image\/"},"sameAs":["https:\/\/www.linkedin.com\/company\/origamee\/about\/"]},{"@type":"Person","@id":"https:\/\/origamee.app\/pt-pt\/#\/schema\/person\/98d2b831469c98f8a406a9c423b47c4a","name":"admin","sameAs":["https:\/\/origamee.app"],"url":"https:\/\/origamee.app\/pt-pt\/author\/egimeno\/"}]}},"_links":{"self":[{"href":"https:\/\/origamee.app\/pt-pt\/wp-json\/wp\/v2\/posts\/1538","targetHints":{"allow":["GET"]}}],"collection":[{"href":"https:\/\/origamee.app\/pt-pt\/wp-json\/wp\/v2\/posts"}],"about":[{"href":"https:\/\/origamee.app\/pt-pt\/wp-json\/wp\/v2\/types\/post"}],"author":[{"embeddable":true,"href":"https:\/\/origamee.app\/pt-pt\/wp-json\/wp\/v2\/users\/3"}],"replies":[{"embeddable":true,"href":"https:\/\/origamee.app\/pt-pt\/wp-json\/wp\/v2\/comments?post=1538"}],"version-history":[{"count":1,"href":"https:\/\/origamee.app\/pt-pt\/wp-json\/wp\/v2\/posts\/1538\/revisions"}],"predecessor-version":[{"id":1539,"href":"https:\/\/origamee.app\/pt-pt\/wp-json\/wp\/v2\/posts\/1538\/revisions\/1539"}],"wp:attachment":[{"href":"https:\/\/origamee.app\/pt-pt\/wp-json\/wp\/v2\/media?parent=1538"}],"wp:term":[{"taxonomy":"category","embeddable":true,"href":"https:\/\/origamee.app\/pt-pt\/wp-json\/wp\/v2\/categories?post=1538"},{"taxonomy":"post_tag","embeddable":true,"href":"https:\/\/origamee.app\/pt-pt\/wp-json\/wp\/v2\/tags?post=1538"}],"curies":[{"name":"wp","href":"https:\/\/api.w.org\/{rel}","templated":true}]}}